{"id":4934,"date":"2017-11-02T15:22:52","date_gmt":"2017-11-02T15:22:52","guid":{"rendered":"https:\/\/muzej-jugoslavije.org\/vise-o-projektu-jugoslavija\/"},"modified":"2017-11-02T16:03:47","modified_gmt":"2017-11-02T16:03:47","slug":"vise-o-projektu-jugoslavija","status":"publish","type":"post","link":"https:\/\/muzej-jugoslavije.org\/en\/vise-o-projektu-jugoslavija\/","title":{"rendered":"Project Yugoslavia"},"content":{"rendered":"<p>Is the Yugoslav past already musealized, historicized and stored in the archives? Is it inscribed in historical essays, debates, artifacts of various collections, in memories? Do we understand it from the perspective of a linear timeline, as a completed period that is behind us, or as a cultural category that is \u201call around us, equally ahead and behind us\u201d as suggested by philosopher Boris Buden. Can that past offer us any explanation about the present moment? Can it help us to understand the crisis which exists in the world today? For example, the constant messages about the European Union being on the verge of collapse since it is daily facing disruptions and challenges. Can we use the example of the multinational, multi-confessional state that disintegrated 25 years ago as a starting point in rethinking the alternatives for this present moment in which we live? This project starts from the assumption that the past is not a set of dead facts and completed events, exploring the potential of different ideas that had constituted the concept of Yugoslavia in the contemporary period as well as in the future.<\/p>\n<p>With the main aim being to step back from the word <em>history<\/em> and to explore the contemporary relevance of these ideas \u2013 upon which Yugoslavia built its statehood \u2013 this project involves a large number of people of various age, history and background from the region of the former Yugoslavia. Through short video interviews conducted with 100 participants, we recorded their thoughts on the concepts we find to be highly important when thinking about the Yugoslav state, such as non-alignment, cooperation, freedom of movement, solidarity, modernity, progress, state, statesman, hero, self-governance, women\u2019s rights, community, past, future, economy, work, leisure time, family, heritage, etc. Instead of proposing the specific question, every participant was given a card with information about an object from the Museum\u2019s collection, containing the object\u2019s description, date or period when it was made, and its origin. This information, rather than the objects themselves, initiated reflection on this particular topic and opened the possibility for reflecting its relevance in the contemporary context.\u00a0 Through this method, we aimed to translate the Museum\u2019s collection of material traces of the past (collection of artifacts) in the form of a live comments, current thoughts, ideas and potentials for the future.<\/p>\n<p>Bypassing the physical character of the object, we tried to redirect the thinking about the heritage of the Yugoslav state from the nostalgic vision of the past, and put the accent on reflecting about the region, Europe and the world today that seem to be in the permanent state of the crisis and conflict, filled with inequality and the lack of tolerance.<\/p>\n<p><a href=\"https:\/\/muzej-jugoslavije.org\/en\/projekat-jugoslavija\/\"><em>Project Yugoslavia<\/em><\/a> is created through collaboration of the Museum of Yugoslavia and Kiosk platform for contemporary art within the working process on the Museum\u2019s permanent display, which is multi-perspective and trans-disciplinary.<\/p>\n<p>The project is realized with the help and support from many friends, organizations and institutions: Anamarija Batista, Erol Billibani, Iskra Geshoska, Nata\u0161a Govedarica, Alenka Gregori\u010d, Mia David, Stevan Dimitrijevi\u0107, Varja \u0110uki\u0107, Nata\u0161a Zavolov\u0161ek, Arlind Kirajtani, Dren Maliqi, Du\u0161ko Miljani\u0107, Mladen Miljanovi\u0107, Mi\u0107o Pare\u017eanin, Borka Pavi\u0107evi\u0107, Katarina Pejovi\u0107, Lazar Pejovi\u0107, Venita Popovi\u0107, Dragan Proti\u0107, Tatjana Raji\u0107, Marijana Rimani\u0107, Vjera Rulji\u0107, Ares Shporta, Elma Hasimbegovi\u0107, Ana Hofman, Teodor Celakoski, Nata\u0161a \u0160kari\u010di\u0107, DokuFest (Prizren), Expeditio (Kotor), Karver (Podgorica), Kontrapunkt (Skoplje), MAMA (Zagreb), City Gallery (Ljubljana), Historical Museum of Bosnia and Herzegovina (Sarajevo).<\/p>\n<hr \/>\n<p><a href=\"http:\/\/www.kioskngo.net\">Kiosk<\/a> \u2013 a platform for contemporary art in cooperation with the Museum of Yugoslavia<\/p>\n<p>Project is supported by <em>Balkan Trust for Democracy<\/em> and <em>Ministry of Culture and Information of the Republic of Serbia<\/em><\/p>\n<p>Authors: Ana Adamovi\u0107 and Milica Peki\u0107<\/p>\n<p>Camera, editing: Ana Adamovi\u0107<\/p>\n<p>Video postproduction: Vladan Obradovi\u0107<\/p>\n<p>Postproduction and sound design: Dejan \u010ceko and Sr\u0111an Bajski<\/p>\n<p>Translation: Goran Kri\u010dkovi\u0107, Verica Krsti\u0107, Katarina Pejovi\u0107, Nora Bezera<\/p>\n<p>Web support: Du\u0161an Jevti\u0107, Museum of Yugoslavia<\/p>\n<p>The project is realized with professional support of the director of the Museum of Yugoslavia Neda Kne\u017eevi\u0107 and curators: Ana Pani\u0107, Ivan Manojlovi\u0107, Katarina \u017divanovi\u0107, Aleksandra Mom\u010dilovi\u0107 Jovanovi\u0107, Jovana Nedeljkovi\u0107, Veselinka Kastratovi\u0107 Risti\u0107.<\/p>\n","protected":false},"excerpt":{"rendered":"<p>Is the Yugoslav past already musealized, historicized and stored in the archives? Is it inscribed in historical essays, debates, artifacts of various collections, in memories? Do we understand it from the perspective of a linear timeline, as a completed period that is behind us, or as a cultural category that is \u201call around us, equally [&hellip;]<\/p>\n","protected":false},"author":2,"featured_media":4014,"comment_status":"open","ping_status":"open","sticky":false,"template":"","format":"standard","meta":{"footnotes":""},"categories":[955],"tags":[956,957],"_links":{"self":[{"href":"https:\/\/muzej-jugoslavije.org\/en\/wp-json\/wp\/v2\/posts\/4934"}],"collection":[{"href":"https:\/\/muzej-jugoslavije.org\/en\/wp-json\/wp\/v2\/posts"}],"about":[{"href":"https:\/\/muzej-jugoslavije.org\/en\/wp-json\/wp\/v2\/types\/post"}],"author":[{"embeddable":true,"href":"https:\/\/muzej-jugoslavije.org\/en\/wp-json\/wp\/v2\/users\/2"}],"replies":[{"embeddable":true,"href":"https:\/\/muzej-jugoslavije.org\/en\/wp-json\/wp\/v2\/comments?post=4934"}],"version-history":[{"count":0,"href":"https:\/\/muzej-jugoslavije.org\/en\/wp-json\/wp\/v2\/posts\/4934\/revisions"}],"wp:featuredmedia":[{"embeddable":true,"href":"https:\/\/muzej-jugoslavije.org\/en\/wp-json\/wp\/v2\/media\/4014"}],"wp:attachment":[{"href":"https:\/\/muzej-jugoslavije.org\/en\/wp-json\/wp\/v2\/media?parent=4934"}],"wp:term":[{"taxonomy":"category","embeddable":true,"href":"https:\/\/muzej-jugoslavije.org\/en\/wp-json\/wp\/v2\/categories?post=4934"},{"taxonomy":"post_tag","embeddable":true,"href":"https:\/\/muzej-jugoslavije.org\/en\/wp-json\/wp\/v2\/tags?post=4934"}],"curies":[{"name":"wp","href":"https:\/\/api.w.org\/{rel}","templated":true}]}}